{"id":1,"date":"2023-01-25T12:32:10","date_gmt":"2023-01-25T12:32:10","guid":{"rendered":"http:\/\/emmavivin.es\/?p=1"},"modified":"2026-07-30T15:52:12","modified_gmt":"2026-07-30T15:52:12","slug":"romper-la-coraza","status":"publish","type":"post","link":"https:\/\/emmavivin.es\/index.php\/2023\/01\/25\/romper-la-coraza\/","title":{"rendered":"Romper la coraza: Mi historia y el arte de renacer"},"content":{"rendered":"\n<p class=\"wp-block-paragraph\">Hubo un momento en mi vida en el que sent\u00ed que todo a mi alrededor se desmoronaba. Seguro que sabes de lo que te hablo: esa sensaci\u00f3n de estar atrapada en una estructura que ya no te sostiene, donde el dolor, la incertidumbre o el miedo parecen tomar el control de todo.<\/p>\n\n\n\n<p class=\"wp-block-paragraph\">Durante mucho tiempo constru\u00ed una coraza. Un cascar\u00f3n duro que me serv\u00eda para protegerme del mundo, para aguantar el tipo y para demostrar que \u00abpod\u00eda con todo\u00bb. Pero la realidad es que esa coraza, la misma que un d\u00eda me protegi\u00f3, termin\u00f3 convirti\u00e9ndose en mi propia c\u00e1rcel.<\/p>\n\n\n\n<h3 class=\"wp-block-heading\">Del dolor a la grieta<\/h3>\n\n\n\n<p class=\"wp-block-paragraph\">El verdadero cambio no lleg\u00f3 cuando intent\u00e9 arreglarlo todo por fuera, sino cuando me atrev\u00ed a mirar hacia dentro. Cuando dej\u00e9 de luchar contra la grieta y entend\u00ed algo fundamental: <strong>la grieta no es un defecto, es el lugar por donde empieza a entrar la luz.<\/strong><\/p>\n\n\n\n<p class=\"wp-block-paragraph\">Romper el cascar\u00f3n no es un proceso c\u00f3modo. Cuesta, da v\u00e9rtigo y exige soltar muchas cosas a las que nos agarramos por pura seguridad. Pero cuando te atreves a dar el paso y traspasar esa sombra, te das cuenta de que al otro lado no est\u00e1 el vac\u00edo: est\u00e1s t\u00fa, en tu versi\u00f3n m\u00e1s aut\u00e9ntica, libre y luminosa.<\/p>\n\n\n\n<h3 class=\"wp-block-heading\">Lo que aprend\u00ed en el camino (y que hoy quiero compartir contigo):<\/h3>\n\n\n\n<ul class=\"wp-block-list\">\n<li><strong>Tu historia no te define por lo que sufriste, sino por c\u00f3mo renaciste.<\/strong><\/li>\n\n\n\n<li><strong>Protegerti demasiado te a\u00edsla de lo bonito.<\/strong> No puedes sentir alegr\u00eda o paz de Verdad si tienes el coraz\u00f3n blindado.<\/li>\n\n\n\n<li><strong>Brillar no es una opci\u00f3n, es tu estado natural.<\/strong> Solo tienes que quitarte de encima lo que no te pertenece.<\/li>\n<\/ul>\n\n\n\n<blockquote class=\"wp-block-quote is-layout-flow wp-block-quote-is-layout-flow\">\n<p class=\"has-theme-palette-8-background-color has-background wp-block-paragraph\"><em>\u00abNo le tengas miedo a las grietas de tu vida. Son la prueba de que tu verdadera luz est\u00e1 presionando para salir.\u00bb<\/em><\/p>\n<\/blockquote>\n\n\n\n<h4 class=\"wp-block-heading has-theme-palette-9-background-color has-background\"><strong>Mi logo: El s\u00edmbolo de mi propia transformaci\u00f3n<\/strong><\/h4>\n\n\n\n<p class=\"wp-block-paragraph\">Quiz\u00e1s te preguntes por qu\u00e9 eleg\u00ed la imagen de un cascar\u00f3n rompi\u00e9ndose para mi marca. No es casualidad. Representa el momento exacto en que decid\u00ed que el dolor no ser\u00eda el final de mi historia, sino el inicio de una nueva vida.<\/p>\n\n\n\n<ul class=\"wp-block-list\">\n<li><strong>El huevo:<\/strong> Es esa coraza de la que te hablaba, la estructura que nos protege pero que, llegado el momento, debe romperse para que la vida contin\u00fae.<\/li>\n\n\n\n<li><strong>La silueta saliendo:<\/strong> Soy yo, y eres t\u00fa. Es ese renacer con los brazos abiertos, liberada de cargas.<\/li>\n\n\n\n<li><strong>Las chispas de luz:<\/strong> Representan esa esencia que siempre estuvo ah\u00ed dentro, esa luz propia que por fin se permite brillar y expandirse hacia el mundo.<\/li>\n<\/ul>\n\n\n\n<p class=\"wp-block-paragraph\">Mi logo es un recordatorio constante de que, no importa lo dura que parezca la situaci\u00f3n, siempre tienes la capacidad de agrietar lo que te limita y renacer.<\/p>\n\n\n\n<h3 class=\"wp-block-heading\">Tu turno<\/h3>\n\n\n\n<p class=\"wp-block-paragraph\">Hoy no te hablo desde la teor\u00eda, te hablo desde la vivencia. S\u00e9 lo que es sentir que te rompes, pero tambi\u00e9n conozco la fuerza transformadora que aparece justo despu\u00e9s.<\/p>\n\n\n\n<p class=\"wp-block-paragraph\">Si hoy sientes que est\u00e1s en un momento de cambio, de incertidumbre o de querer soltar una carga que ya pesa demasiado, quiero decirte que no est\u00e1s sola.<\/p>\n\n\n\n<p class=\"wp-block-paragraph\"><strong>\u00bfSientes que ha llegado el momento de empezar a agrietar tu propia coraza?<\/strong> Cu\u00e9ntame en los comentarios o escr\u00edbeme, me encantar\u00e1 leerte y acompa\u00f1arte.<\/p>\n","protected":false},"excerpt":{"rendered":"<p>Hubo un momento en mi vida en el que sent\u00ed que todo a mi alrededor se desmoronaba. Seguro que sabes de lo que te hablo: esa sensaci\u00f3n de estar atrapada en una estructura que ya no te sostiene, donde el dolor, la incertidumbre o el miedo parecen tomar el control de todo. Durante mucho tiempo&#8230;<\/p>\n","protected":false},"author":1,"featured_media":0,"comment_status":"open","ping_status":"open","sticky":false,"template":"","format":"standard","meta":{"_kad_post_transparent":"","_kad_post_title":"","_kad_post_layout":"right","_kad_post_sidebar_id":"sidebar-primary","_kad_post_content_style":"","_kad_post_vertical_padding":"","_kad_post_feature":"","_kad_post_feature_position":"default","_kad_post_header":false,"_kad_post_footer":false,"_kad_post_classname":"","footnotes":""},"categories":[8],"tags":[],"class_list":["post-1","post","type-post","status-publish","format-standard","hentry","category-historias-reflexiones"],"_links":{"self":[{"href":"https:\/\/emmavivin.es\/index.php\/wp-json\/wp\/v2\/posts\/1","targetHints":{"allow":["GET"]}}],"collection":[{"href":"https:\/\/emmavivin.es\/index.php\/wp-json\/wp\/v2\/posts"}],"about":[{"href":"https:\/\/emmavivin.es\/index.php\/wp-json\/wp\/v2\/types\/post"}],"author":[{"embeddable":true,"href":"https:\/\/emmavivin.es\/index.php\/wp-json\/wp\/v2\/users\/1"}],"replies":[{"embeddable":true,"href":"https:\/\/emmavivin.es\/index.php\/wp-json\/wp\/v2\/comments?post=1"}],"version-history":[{"count":3,"href":"https:\/\/emmavivin.es\/index.php\/wp-json\/wp\/v2\/posts\/1\/revisions"}],"predecessor-version":[{"id":446,"href":"https:\/\/emmavivin.es\/index.php\/wp-json\/wp\/v2\/posts\/1\/revisions\/446"}],"wp:attachment":[{"href":"https:\/\/emmavivin.es\/index.php\/wp-json\/wp\/v2\/media?parent=1"}],"wp:term":[{"taxonomy":"category","embeddable":true,"href":"https:\/\/emmavivin.es\/index.php\/wp-json\/wp\/v2\/categories?post=1"},{"taxonomy":"post_tag","embeddable":true,"href":"https:\/\/emmavivin.es\/index.php\/wp-json\/wp\/v2\/tags?post=1"}],"curies":[{"name":"wp","href":"https:\/\/api.w.org\/{rel}","templated":true}]}}